[{"@context":"https:\/\/schema.org\/","@type":"Article","@id":"https:\/\/www.alkado.cz\/bolesti-hlavy\/#Article","mainEntityOfPage":"https:\/\/www.alkado.cz\/bolesti-hlavy\/","headline":"Bolesti hlavy","name":"Bolesti hlavy","description":"Tak\u00e9 se v\u00e1m u\u017e n\u011bkdy stalo, \u017ee jste byli opravdu [&hellip;]","datePublished":"2023-12-11","dateModified":"2024-01-31","author":{"@type":"Person","@id":"https:\/\/www.alkado.cz\/author\/#Person","name":"","url":"https:\/\/www.alkado.cz\/author\/","identifier":1,"image":{"@type":"ImageObject","@id":"https:\/\/secure.gravatar.com\/avatar\/d7705a23c50ede72936119380238a88bdeb91030521f9262dc3abc6fdd8add33?s=96&d=mm&r=g","url":"https:\/\/secure.gravatar.com\/avatar\/d7705a23c50ede72936119380238a88bdeb91030521f9262dc3abc6fdd8add33?s=96&d=mm&r=g","height":96,"width":96}},"publisher":{"@type":"Organization","name":"alkado.cz","logo":{"@type":"ImageObject","@id":"\/logo.png","url":"\/logo.png","width":600,"height":60}},"image":{"@type":"ImageObject","@id":"https:\/\/www.alkado.cz\/wp-content\/uploads\/eyeglasses-698672_1280.jpg","url":"https:\/\/www.alkado.cz\/wp-content\/uploads\/eyeglasses-698672_1280.jpg","height":0,"width":0},"url":"https:\/\/www.alkado.cz\/bolesti-hlavy\/","wordCount":438,"articleBody":"   Tak\u00e9 se v\u00e1m u\u017e n\u011bkdy stalo, \u017ee jste byli opravdu dlouho na po\u010d\u00edta\u010di a potom v\u00e1s bolely o\u010di. A v\u011bt\u0161inou z toho, kdy\u017e v\u00e1s z po\u010d\u00edta\u010de bol\u00ed o\u010di, tak v\u00e1s potom tak\u00e9 za\u010dne bolet hlava. J\u00e1 jsem tohle za\u017eila u\u017e asi p\u011btkr\u00e1t nebo i v\u00edcekr\u00e1t. A \u0159eknu v\u00e1m, \u017ee je to opravdu velik\u00e1 otrava. V\u016fbec nech\u00e1pu, jak n\u011bkdo m\u016f\u017ee st\u00e1le sed\u011bt u po\u010d\u00edta\u010de, kdy\u017e ho potom z toho bol\u00ed o\u010di a bol\u00ed ho z toho tak\u00e9 hlava. Moje kamar\u00e1dka mi \u0159ekla, \u017ee bych pot\u0159ebovala n\u011bjak\u00e9 kvalitn\u00ed  br\u00fdle proti modr\u00e9mu sv\u011btlu bez dioptri\u00ed. A proto\u017ee klasicky norm\u00e1ln\u011b nenos\u00edm v\u016fbec br\u00fdle, tak mi kamar\u00e1dka \u0159ekla, \u017ee bych pot\u0159ebovala br\u00fdle proti modr\u00e9mu sv\u011btlu bez dioptri\u00ed. Chv\u00edli jsem na kamar\u00e1dku koukala, proto\u017ee jsem v\u016fbec nesly\u0161ela o tom, \u017ee by existovaly br\u00fdle proti modr\u00e9mu sv\u011btlu bez dioptri\u00ed. Co tohle m\u00e1 znamenat? Kamar\u00e1dky jsem se zeptala, jestli t\u0159eba nem\u00e1 n\u011bjak\u00e9 webov\u00e9 str\u00e1nky a dal\u0161\u00ed odkazy, kde bych se dozv\u011bd\u011bla v\u00edce informac\u00ed. Cht\u011bla jsem zn\u00e1t v\u00edce informac\u00ed o br\u00fdl\u00edch proti modr\u00e9mu sv\u011btlu bez dioptri\u00ed. Proto\u017ee si zase nechci kazit o\u010di, kdyby tam byly n\u011bjak\u00e9 dioptrie. \u010clov\u011bk, kter\u00fd v\u016fbec norm\u00e1ln\u011b nenos\u00ed br\u00fdle, tak by je nem\u011bl v\u016fbec nosit. Moje kamar\u00e1dka \u0159\u00edk\u00e1, \u017ee bych cht\u011bla nosit br\u00fdle, pr\u00fd se j\u00ed to l\u00edb\u00ed a p\u0159ijde j\u00ed to sexy. Mysl\u00edm si, \u017ee kamar\u00e1dka je na tohle hloup\u00e1. Pro\u010d si tedy nekoup\u00ed n\u011bjak\u00e9 oby\u010dejn\u00e9 br\u00fdle bez dioptri\u00ed? Ona tak\u00e9 velice \u010dasto pracuje s po\u010d\u00edta\u010dem. Tak\u017ee moj\u00ed kamar\u00e1dce by se ur\u010dit\u011b hodily br\u00fdle proti modr\u00e9mu sv\u011btlu bez dioptri\u00ed. A pokud si mysl\u00edte, jestli u\u017e m\u00e1m tak\u00e9 br\u00fdle proti modr\u00e9mu sv\u011btlu bez dioptri\u00ed, tak to m\u00e1te pravdu. J\u00e1 jsem si po\u0159\u00eddila rad\u011bji tyto br\u00fdle dvoje. A jedny m\u00e1m doma u po\u010d\u00edta\u010de a druh\u00e9 rad\u011bji nos\u00edm u sebe v kabelce, proto\u017ee i v pr\u00e1ci, n\u011bkdy jsem \u010dasto na po\u010d\u00edta\u010di, tk abych m\u011bla chr\u00e1n\u011bn\u00fd zrak. Aby m\u011b nebolely o\u010di a potom tak\u00e9 hlava. V\u011b\u0159te, \u017ee bolest hlavy je opravdu ne\u00fanosn\u00e1 a potom jste tak\u00e9 unaven\u00ed.                                                                                                                                                                                                                                                                                                                                                                                                   "},{"@context":"https:\/\/schema.org\/","@type":"BreadcrumbList","itemListElement":[{"@type":"ListItem","position":1,"name":"Bolesti hlavy","item":"https:\/\/www.alkado.cz\/bolesti-hlavy\/#breadcrumbitem"}]}]