[{"@context":"https:\/\/schema.org\/","@type":"Article","@id":"https:\/\/www.alkado.cz\/zkouska-neomezene-dovolene-se-vyplatila\/#Article","mainEntityOfPage":"https:\/\/www.alkado.cz\/zkouska-neomezene-dovolene-se-vyplatila\/","headline":"Zkou\u0161ka neomezen\u00e9 dovolen\u00e9 se vyplatila","name":"Zkou\u0161ka neomezen\u00e9 dovolen\u00e9 se vyplatila","description":"Pro v\u011bt\u0161inu zam\u011bstnavatel\u016f bude pojem neomezen\u00e9 dovolen\u00e9 pouze pr\u00e1zdn\u00fdm slovn\u00edm [&hellip;]","datePublished":"2025-02-27","dateModified":"2023-05-03","author":{"@type":"Person","@id":"https:\/\/www.alkado.cz\/author\/#Person","name":"","url":"https:\/\/www.alkado.cz\/author\/","identifier":1,"image":{"@type":"ImageObject","@id":"https:\/\/secure.gravatar.com\/avatar\/d7705a23c50ede72936119380238a88bdeb91030521f9262dc3abc6fdd8add33?s=96&d=mm&r=g","url":"https:\/\/secure.gravatar.com\/avatar\/d7705a23c50ede72936119380238a88bdeb91030521f9262dc3abc6fdd8add33?s=96&d=mm&r=g","height":96,"width":96}},"publisher":{"@type":"Organization","name":"alkado.cz","logo":{"@type":"ImageObject","@id":"\/logo.png","url":"\/logo.png","width":600,"height":60}},"image":{"@type":"ImageObject","@id":"https:\/\/www.alkado.cz\/wp-content\/uploads\/img_a309375_w2001_t1520320361.jpg","url":"https:\/\/www.alkado.cz\/wp-content\/uploads\/img_a309375_w2001_t1520320361.jpg","height":0,"width":0},"url":"https:\/\/www.alkado.cz\/zkouska-neomezene-dovolene-se-vyplatila\/","wordCount":483,"articleBody":"Pro v\u011bt\u0161inu zam\u011bstnavatel\u016f bude pojem neomezen\u00e9 dovolen\u00e9 pouze pr\u00e1zdn\u00fdm slovn\u00edm spojen\u00edm. Nedok\u00e1\u017e\u00ed si toti\u017e p\u0159edstavit, \u017ee by to skute\u010dn\u011b mohlo fungovat. Zahrani\u010dn\u00ed firmy n\u00e1m ale ji\u017e n\u011bkolik let dokazuj\u00ed, \u017ee to mo\u017en\u00e9 je a co v\u00edc, \u017ee je produktivita zam\u011bstnanc\u016f vy\u0161\u0161\u00ed, ne\u017e kdy\u017e maj\u00ed pouh\u00fdch 20 dn\u016f dovolen\u00e9 za rok.\u00a0Prvn\u00ed my\u0161lenka zajist\u00e9 bude pat\u0159it zneu\u017e\u00edv\u00e1n\u00ed tohoto syst\u00e9mu. V lo\u0148sk\u00e9m roce brn\u011bnsk\u00e1 IT firma Artin zkusila zav\u00e9st neomezenou dovolenou a v\u00fdsledky jsou v\u00fdborn\u00e9. Ke zneu\u017e\u00edv\u00e1n\u00ed nedoch\u00e1zelo, ale ani v p\u0159\u00edpadech nemocensk\u00e9, kdy by zam\u011bstnanci dostali na dovolen\u00e9 v\u00edce pen\u011bz.\tSpolehlivost a zodpov\u011bdnost v\u016f\u010di zam\u011bstnavateliSpole\u010dnost Artin se p\u0159esv\u011bd\u010dila, \u017ee ,,stav\u011bt firmu na lidech, spol\u00e9hat se na jejich zodpov\u011bdnost a zdrav\u00fd \u00fasudek d\u00e1v\u00e1 smysl,\u201c jak uvedla z\u00e1stupkyn\u011b person\u00e1ln\u00edho odd\u011blen\u00ed Andrea Najv\u00e1rkov\u00e1. Jak se uk\u00e1zalo, tak i kdy\u017e si zam\u011bstnanci vyb\u00edrali dovolenou bez omezen\u00ed, tak sv\u00e9 pracovn\u00ed \u00fakoly plnili v\u010das, dob\u0159e a sv\u011bdomit\u011b. Kolik dn\u016f si zam\u011bstnanci pr\u016fm\u011brn\u011b vyb\u00edrali?\tNeomezen\u00e1 dovolen\u00e1 jako pracovn\u00ed motivaceFirmy, u kter\u00fdch princip neomezen\u00e9 dovolen\u00e9 funguje ji\u017e po mnoho let, tak v\u00e1m \u0159eknou, \u017ee lid\u00e9 budou pracovat l\u00e9pe ve chv\u00edli, kdy jim d\u00e1te svobodu. V\u011bt\u0161ina lid\u00ed si sice mysl\u00ed, \u017ee syst\u00e9m bude z velk\u00e9 \u010d\u00e1sti zneu\u017e\u00edv\u00e1n, ale pr\u00e1v\u011b mo\u017enost svobody a d\u016fkaz zam\u011bstnavatele, \u017ee sv\u00fdm zam\u011bstnanc\u016fm v\u011b\u0159\u00ed je z\u00e1kladem pro lep\u0161\u00ed efektivitu pr\u00e1ce a spokojen\u011bj\u0161\u00ed pracovn\u00edky.\u00a0Ve firm\u011b Artin neomezen\u00e9 dovolen\u00e9 vyu\u017eilo na 60 procent zam\u011bstnanc\u016f. N\u011bkte\u0159\u00ed si vybrali i p\u0159es 40 dn\u016f, jin\u00ed ale neomezenou dovolenou sotva jen vyu\u017eili a vybrali si sotva 20 dn\u016f. Najv\u00e1rkov\u00e1 \u0159ekla, \u017ee nejv\u00edce si dovolenou vyb\u00edrali b\u011bhem l\u00e9ta a p\u0159es V\u00e1noce, co\u017e je pochopiteln\u00e9.\tRoz\u0161i\u0159ov\u00e1n\u00ed netradi\u010dn\u00edho motiva\u010dn\u00edho principuSpole\u010dnost m\u00e1 pobo\u010dku nejen v Brn\u011b, ale tak\u00e9 v Bratislav\u011b. V Brn\u011b letos s neomezenou dovolenou pokra\u010duj\u00ed, proto\u017ee se jim osv\u011bd\u010dila. V Bratislav\u011b ji zavedli od leto\u0161n\u00edho roku a o\u010dek\u00e1v\u00e1 se, \u017ee \u00fa\u010dinek a sv\u011bdomitost zam\u011bstnanc\u016f bude stejn\u00e1 jako v Brn\u011b.\u00a0D\u00edky t\u00e9to firm\u011b, kter\u00e1 se rozhodla nezvykl\u00fd benefit a z\u00e1rove\u0148 motivaci vyzkou\u0161et, se te\u010f u spole\u010dnosti za\u010d\u00ednaj\u00ed popt\u00e1vat tak\u00e9 jin\u00e9 firmy, jak je mo\u017en\u00e9, \u017ee jim to funguje a jak tuto zm\u011bnu zavedli. M\u016f\u017ee se st\u00e1t, \u017ee se neomezen\u00e1 dovolen\u00e1 roz\u0161\u00ed\u0159\u00ed i do dal\u0161\u00edch spole\u010dnost\u00ed a obor\u016f a \u010dasem se z toho stane standard na trhu pr\u00e1ce v \u010cesk\u00e9 republice?                                                                                                                                                                                                                                                                                                                                                                                        4.5\/5 - (6 votes)        "},{"@context":"https:\/\/schema.org\/","@type":"BreadcrumbList","itemListElement":[{"@type":"ListItem","position":1,"name":"Zkou\u0161ka neomezen\u00e9 dovolen\u00e9 se vyplatila","item":"https:\/\/www.alkado.cz\/zkouska-neomezene-dovolene-se-vyplatila\/#breadcrumbitem"}]}]